{"id":995,"date":"2025-11-25T15:46:58","date_gmt":"2025-11-25T15:46:58","guid":{"rendered":"https:\/\/exeaimpact.org\/noticia\/la-fundacion-exea-impact-impulsa-el-talento-joven-en-una-nueva-edicion-del-programa-de-becas-iqs\/"},"modified":"2025-11-25T15:58:06","modified_gmt":"2025-11-25T15:58:06","slug":"la-fundacio-exea-impact-impulsa-el-talent-jove-edicio-programa-becas-iqs","status":"publish","type":"noticia","link":"https:\/\/exeaimpact.org\/ca\/noticia\/la-fundacio-exea-impact-impulsa-el-talent-jove-edicio-programa-becas-iqs\/","title":{"rendered":"La Fundaci\u00f3 Exea Impact impulsa el talent jove en una nova edici\u00f3 del programa de beques IQS"},"content":{"rendered":"","protected":false},"excerpt":{"rendered":"<p>Exea Impact, la fundaci\u00f3 de la fam\u00edlia Puig, ha renovat el seu suport a l\u2019impuls del talent jove participant en una nova edici\u00f3 del programa de beques de la Fundaci\u00f3 Empreses IQS. En total, la iniciativa ha concedit 57 ajudes a estudiants per al curs 2025-2026.<\/p>\n","protected":false},"featured_media":996,"template":"","meta":{"_acf_changed":false},"class_list":["post-995","noticia","type-noticia","status-publish","has-post-thumbnail","hentry"],"acf":[],"yoast_head":"<!-- This site is optimized with the Yoast SEO plugin v27.5 - https:\/\/yoast.com\/product\/yoast-seo-wordpress\/ -->\n<title>La Fundaci\u00f3 Exea Impact impulsa el talent jove en una nova edici\u00f3 del programa de beques IQS - Exea Impact<\/title>\n<meta name=\"robots\" content=\"index, follow, max-snippet:-1, max-image-preview:large, max-video-preview:-1\" \/>\n<link rel=\"canonical\" href=\"https:\/\/exeaimpact.org\/ca\/noticia\/la-fundacio-exea-impact-impulsa-el-talent-jove-edicio-programa-becas-iqs\/\" \/>\n<meta property=\"og:locale\" content=\"ca_ES\" \/>\n<meta property=\"og:type\" content=\"article\" \/>\n<meta property=\"og:title\" content=\"La Fundaci\u00f3 Exea Impact impulsa el talent jove en una nova edici\u00f3 del programa de beques IQS - Exea Impact\" \/>\n<meta property=\"og:description\" content=\"Exea Impact, la fundaci\u00f3 de la fam\u00edlia Puig, ha renovat el seu suport a l\u2019impuls del talent jove participant en una nova edici\u00f3 del programa de beques de la Fundaci\u00f3 Empreses IQS. En total, la iniciativa ha concedit 57 ajudes a estudiants per al curs 2025-2026.\" \/>\n<meta property=\"og:url\" content=\"https:\/\/exeaimpact.org\/ca\/noticia\/la-fundacio-exea-impact-impulsa-el-talent-jove-edicio-programa-becas-iqs\/\" \/>\n<meta property=\"og:site_name\" content=\"Exea Impact\" \/>\n<meta property=\"article:modified_time\" content=\"2025-11-25T15:58:06+00:00\" \/>\n<meta property=\"og:image\" content=\"https:\/\/exeaimpact.org\/wp-content\/uploads\/2025\/11\/Fundacio-Exea-Impact-Beques-IQS-scaled.jpg\" \/>\n\t<meta property=\"og:image:width\" content=\"2560\" \/>\n\t<meta property=\"og:image:height\" content=\"1707\" \/>\n\t<meta property=\"og:image:type\" content=\"image\/jpeg\" \/>\n<meta name=\"twitter:card\" content=\"summary_large_image\" \/>\n<meta name=\"twitter:label1\" content=\"Temps estimat de lectura\" \/>\n\t<meta name=\"twitter:data1\" content=\"1 minut\" \/>\n<script type=\"application\/ld+json\" class=\"yoast-schema-graph\">{\"@context\":\"https:\\\/\\\/schema.org\",\"@graph\":[{\"@type\":\"WebPage\",\"@id\":\"https:\\\/\\\/exeaimpact.org\\\/ca\\\/noticia\\\/la-fundacio-exea-impact-impulsa-el-talent-jove-edicio-programa-becas-iqs\\\/\",\"url\":\"https:\\\/\\\/exeaimpact.org\\\/ca\\\/noticia\\\/la-fundacio-exea-impact-impulsa-el-talent-jove-edicio-programa-becas-iqs\\\/\",\"name\":\"La Fundaci\u00f3 Exea Impact impulsa el talent jove en una nova edici\u00f3 del programa de beques IQS - Exea Impact\",\"isPartOf\":{\"@id\":\"https:\\\/\\\/exeaimpact.org\\\/ca\\\/#website\"},\"primaryImageOfPage\":{\"@id\":\"https:\\\/\\\/exeaimpact.org\\\/ca\\\/noticia\\\/la-fundacio-exea-impact-impulsa-el-talent-jove-edicio-programa-becas-iqs\\\/#primaryimage\"},\"image\":{\"@id\":\"https:\\\/\\\/exeaimpact.org\\\/ca\\\/noticia\\\/la-fundacio-exea-impact-impulsa-el-talent-jove-edicio-programa-becas-iqs\\\/#primaryimage\"},\"thumbnailUrl\":\"https:\\\/\\\/exeaimpact.org\\\/wp-content\\\/uploads\\\/2025\\\/11\\\/Fundacio-Exea-Impact-Beques-IQS-scaled.jpg\",\"datePublished\":\"2025-11-25T15:46:58+00:00\",\"dateModified\":\"2025-11-25T15:58:06+00:00\",\"breadcrumb\":{\"@id\":\"https:\\\/\\\/exeaimpact.org\\\/ca\\\/noticia\\\/la-fundacio-exea-impact-impulsa-el-talent-jove-edicio-programa-becas-iqs\\\/#breadcrumb\"},\"inLanguage\":\"ca\",\"potentialAction\":[{\"@type\":\"ReadAction\",\"target\":[\"https:\\\/\\\/exeaimpact.org\\\/ca\\\/noticia\\\/la-fundacio-exea-impact-impulsa-el-talent-jove-edicio-programa-becas-iqs\\\/\"]}]},{\"@type\":\"ImageObject\",\"inLanguage\":\"ca\",\"@id\":\"https:\\\/\\\/exeaimpact.org\\\/ca\\\/noticia\\\/la-fundacio-exea-impact-impulsa-el-talent-jove-edicio-programa-becas-iqs\\\/#primaryimage\",\"url\":\"https:\\\/\\\/exeaimpact.org\\\/wp-content\\\/uploads\\\/2025\\\/11\\\/Fundacio-Exea-Impact-Beques-IQS-scaled.jpg\",\"contentUrl\":\"https:\\\/\\\/exeaimpact.org\\\/wp-content\\\/uploads\\\/2025\\\/11\\\/Fundacio-Exea-Impact-Beques-IQS-scaled.jpg\",\"width\":2560,\"height\":1707},{\"@type\":\"BreadcrumbList\",\"@id\":\"https:\\\/\\\/exeaimpact.org\\\/ca\\\/noticia\\\/la-fundacio-exea-impact-impulsa-el-talent-jove-edicio-programa-becas-iqs\\\/#breadcrumb\",\"itemListElement\":[{\"@type\":\"ListItem\",\"position\":1,\"name\":\"Home\",\"item\":\"https:\\\/\\\/exeaimpact.org\\\/ca\\\/\"},{\"@type\":\"ListItem\",\"position\":2,\"name\":\"La Fundaci\u00f3 Exea Impact impulsa el talent jove en una nova edici\u00f3 del programa de beques IQS\"}]},{\"@type\":\"WebSite\",\"@id\":\"https:\\\/\\\/exeaimpact.org\\\/ca\\\/#website\",\"url\":\"https:\\\/\\\/exeaimpact.org\\\/ca\\\/\",\"name\":\"Exea Impact\",\"description\":\"The Puig Family Foundation\",\"potentialAction\":[{\"@type\":\"SearchAction\",\"target\":{\"@type\":\"EntryPoint\",\"urlTemplate\":\"https:\\\/\\\/exeaimpact.org\\\/ca\\\/?s={search_term_string}\"},\"query-input\":{\"@type\":\"PropertyValueSpecification\",\"valueRequired\":true,\"valueName\":\"search_term_string\"}}],\"inLanguage\":\"ca\"}]}<\/script>\n<!-- \/ Yoast SEO plugin. -->","yoast_head_json":{"title":"La Fundaci\u00f3 Exea Impact impulsa el talent jove en una nova edici\u00f3 del programa de beques IQS - Exea Impact","robots":{"index":"index","follow":"follow","max-snippet":"max-snippet:-1","max-image-preview":"max-image-preview:large","max-video-preview":"max-video-preview:-1"},"canonical":"https:\/\/exeaimpact.org\/ca\/noticia\/la-fundacio-exea-impact-impulsa-el-talent-jove-edicio-programa-becas-iqs\/","og_locale":"ca_ES","og_type":"article","og_title":"La Fundaci\u00f3 Exea Impact impulsa el talent jove en una nova edici\u00f3 del programa de beques IQS - Exea Impact","og_description":"Exea Impact, la fundaci\u00f3 de la fam\u00edlia Puig, ha renovat el seu suport a l\u2019impuls del talent jove participant en una nova edici\u00f3 del programa de beques de la Fundaci\u00f3 Empreses IQS. En total, la iniciativa ha concedit 57 ajudes a estudiants per al curs 2025-2026.","og_url":"https:\/\/exeaimpact.org\/ca\/noticia\/la-fundacio-exea-impact-impulsa-el-talent-jove-edicio-programa-becas-iqs\/","og_site_name":"Exea Impact","article_modified_time":"2025-11-25T15:58:06+00:00","og_image":[{"width":2560,"height":1707,"url":"https:\/\/exeaimpact.org\/wp-content\/uploads\/2025\/11\/Fundacio-Exea-Impact-Beques-IQS-scaled.jpg","type":"image\/jpeg"}],"twitter_card":"summary_large_image","twitter_misc":{"Temps estimat de lectura":"1 minut"},"schema":{"@context":"https:\/\/schema.org","@graph":[{"@type":"WebPage","@id":"https:\/\/exeaimpact.org\/ca\/noticia\/la-fundacio-exea-impact-impulsa-el-talent-jove-edicio-programa-becas-iqs\/","url":"https:\/\/exeaimpact.org\/ca\/noticia\/la-fundacio-exea-impact-impulsa-el-talent-jove-edicio-programa-becas-iqs\/","name":"La Fundaci\u00f3 Exea Impact impulsa el talent jove en una nova edici\u00f3 del programa de beques IQS - Exea Impact","isPartOf":{"@id":"https:\/\/exeaimpact.org\/ca\/#website"},"primaryImageOfPage":{"@id":"https:\/\/exeaimpact.org\/ca\/noticia\/la-fundacio-exea-impact-impulsa-el-talent-jove-edicio-programa-becas-iqs\/#primaryimage"},"image":{"@id":"https:\/\/exeaimpact.org\/ca\/noticia\/la-fundacio-exea-impact-impulsa-el-talent-jove-edicio-programa-becas-iqs\/#primaryimage"},"thumbnailUrl":"https:\/\/exeaimpact.org\/wp-content\/uploads\/2025\/11\/Fundacio-Exea-Impact-Beques-IQS-scaled.jpg","datePublished":"2025-11-25T15:46:58+00:00","dateModified":"2025-11-25T15:58:06+00:00","breadcrumb":{"@id":"https:\/\/exeaimpact.org\/ca\/noticia\/la-fundacio-exea-impact-impulsa-el-talent-jove-edicio-programa-becas-iqs\/#breadcrumb"},"inLanguage":"ca","potentialAction":[{"@type":"ReadAction","target":["https:\/\/exeaimpact.org\/ca\/noticia\/la-fundacio-exea-impact-impulsa-el-talent-jove-edicio-programa-becas-iqs\/"]}]},{"@type":"ImageObject","inLanguage":"ca","@id":"https:\/\/exeaimpact.org\/ca\/noticia\/la-fundacio-exea-impact-impulsa-el-talent-jove-edicio-programa-becas-iqs\/#primaryimage","url":"https:\/\/exeaimpact.org\/wp-content\/uploads\/2025\/11\/Fundacio-Exea-Impact-Beques-IQS-scaled.jpg","contentUrl":"https:\/\/exeaimpact.org\/wp-content\/uploads\/2025\/11\/Fundacio-Exea-Impact-Beques-IQS-scaled.jpg","width":2560,"height":1707},{"@type":"BreadcrumbList","@id":"https:\/\/exeaimpact.org\/ca\/noticia\/la-fundacio-exea-impact-impulsa-el-talent-jove-edicio-programa-becas-iqs\/#breadcrumb","itemListElement":[{"@type":"ListItem","position":1,"name":"Home","item":"https:\/\/exeaimpact.org\/ca\/"},{"@type":"ListItem","position":2,"name":"La Fundaci\u00f3 Exea Impact impulsa el talent jove en una nova edici\u00f3 del programa de beques IQS"}]},{"@type":"WebSite","@id":"https:\/\/exeaimpact.org\/ca\/#website","url":"https:\/\/exeaimpact.org\/ca\/","name":"Exea Impact","description":"The Puig Family Foundation","potentialAction":[{"@type":"SearchAction","target":{"@type":"EntryPoint","urlTemplate":"https:\/\/exeaimpact.org\/ca\/?s={search_term_string}"},"query-input":{"@type":"PropertyValueSpecification","valueRequired":true,"valueName":"search_term_string"}}],"inLanguage":"ca"}]}},"_links":{"self":[{"href":"https:\/\/exeaimpact.org\/ca\/wp-json\/wp\/v2\/noticia\/995","targetHints":{"allow":["GET"]}}],"collection":[{"href":"https:\/\/exeaimpact.org\/ca\/wp-json\/wp\/v2\/noticia"}],"about":[{"href":"https:\/\/exeaimpact.org\/ca\/wp-json\/wp\/v2\/types\/noticia"}],"wp:featuredmedia":[{"embeddable":true,"href":"https:\/\/exeaimpact.org\/ca\/wp-json\/wp\/v2\/media\/996"}],"wp:attachment":[{"href":"https:\/\/exeaimpact.org\/ca\/wp-json\/wp\/v2\/media?parent=995"}],"curies":[{"name":"wp","href":"https:\/\/api.w.org\/{rel}","templated":true}]}}