{"id":2069,"date":"2026-04-30T16:26:55","date_gmt":"2026-04-30T16:26:55","guid":{"rendered":"https:\/\/exeaimpact.org\/?post_type=noticia&#038;p=2069"},"modified":"2026-04-30T16:30:03","modified_gmt":"2026-04-30T16:30:03","slug":"el-palau-de-la-musica-vibra-amb-janine-jansen-i-la-camerata-salzburg-al-cicle-palau-100-amb-la-col%c2%b7laboracio-dexea-impact","status":"publish","type":"noticia","link":"https:\/\/exeaimpact.org\/ca\/noticia\/el-palau-de-la-musica-vibra-amb-janine-jansen-i-la-camerata-salzburg-al-cicle-palau-100-amb-la-col%c2%b7laboracio-dexea-impact\/","title":{"rendered":"El Palau de la M\u00fasica vibra amb Janine Jansen i la Camerata Salzburg al cicle Palau 100, amb la col\u00b7laboraci\u00f3 d\u2019Exea Impact"},"content":{"rendered":"","protected":false},"excerpt":{"rendered":"<p>El Palau de la M\u00fasica Catalana va acollir ahir, 29 d&#8217;abril, un concert protagonitzat per la violinista neerlandesa Janine Jansen, una de les figures m\u00e9s destacades del panorama internacional, juntament amb la Camerata Salzburg, una de les orquestres de cambra amb m\u00e9s traject\u00f2ria a Europa. El recital es va emmarcar en el cicle Palau 100, del qual Exea Impact \u00e9s un dels principals mecenes.<\/p>\n","protected":false},"featured_media":2068,"template":"","meta":{"_acf_changed":false},"class_list":["post-2069","noticia","type-noticia","status-publish","has-post-thumbnail","hentry"],"acf":[],"yoast_head":"<!-- This site is optimized with the Yoast SEO plugin v27.5 - https:\/\/yoast.com\/product\/yoast-seo-wordpress\/ -->\n<title>El Palau de la M\u00fasica vibra amb Janine Jansen i la Camerata Salzburg al cicle Palau 100, amb la col\u00b7laboraci\u00f3 d\u2019Exea Impact - Exea Impact<\/title>\n<meta name=\"robots\" content=\"index, follow, max-snippet:-1, max-image-preview:large, max-video-preview:-1\" \/>\n<link rel=\"canonical\" href=\"https:\/\/exeaimpact.org\/ca\/noticia\/el-palau-de-la-musica-vibra-amb-janine-jansen-i-la-camerata-salzburg-al-cicle-palau-100-amb-la-col%c2%b7laboracio-dexea-impact\/\" \/>\n<meta property=\"og:locale\" content=\"ca_ES\" \/>\n<meta property=\"og:type\" content=\"article\" \/>\n<meta property=\"og:title\" content=\"El Palau de la M\u00fasica vibra amb Janine Jansen i la Camerata Salzburg al cicle Palau 100, amb la col\u00b7laboraci\u00f3 d\u2019Exea Impact - Exea Impact\" \/>\n<meta property=\"og:description\" content=\"El Palau de la M\u00fasica Catalana va acollir ahir, 29 d&#039;abril, un concert protagonitzat per la violinista neerlandesa Janine Jansen, una de les figures m\u00e9s destacades del panorama internacional, juntament amb la Camerata Salzburg, una de les orquestres de cambra amb m\u00e9s traject\u00f2ria a Europa. El recital es va emmarcar en el cicle Palau 100, del qual Exea Impact \u00e9s un dels principals mecenes.\" \/>\n<meta property=\"og:url\" content=\"https:\/\/exeaimpact.org\/ca\/noticia\/el-palau-de-la-musica-vibra-amb-janine-jansen-i-la-camerata-salzburg-al-cicle-palau-100-amb-la-col%c2%b7laboracio-dexea-impact\/\" \/>\n<meta property=\"og:site_name\" content=\"Exea Impact\" \/>\n<meta property=\"article:modified_time\" content=\"2026-04-30T16:30:03+00:00\" \/>\n<meta property=\"og:image\" content=\"https:\/\/exeaimpact.org\/wp-content\/uploads\/2026\/04\/260429-002\u00a9ABofill-scaled.jpg\" \/>\n\t<meta property=\"og:image:width\" content=\"2560\" \/>\n\t<meta property=\"og:image:height\" content=\"1706\" \/>\n\t<meta property=\"og:image:type\" content=\"image\/jpeg\" \/>\n<meta name=\"twitter:card\" content=\"summary_large_image\" \/>\n<meta name=\"twitter:label1\" content=\"Temps estimat de lectura\" \/>\n\t<meta name=\"twitter:data1\" content=\"1 minut\" \/>\n<script type=\"application\/ld+json\" class=\"yoast-schema-graph\">{\"@context\":\"https:\\\/\\\/schema.org\",\"@graph\":[{\"@type\":\"WebPage\",\"@id\":\"https:\\\/\\\/exeaimpact.org\\\/ca\\\/noticia\\\/el-palau-de-la-musica-vibra-amb-janine-jansen-i-la-camerata-salzburg-al-cicle-palau-100-amb-la-col%c2%b7laboracio-dexea-impact\\\/\",\"url\":\"https:\\\/\\\/exeaimpact.org\\\/ca\\\/noticia\\\/el-palau-de-la-musica-vibra-amb-janine-jansen-i-la-camerata-salzburg-al-cicle-palau-100-amb-la-col%c2%b7laboracio-dexea-impact\\\/\",\"name\":\"El Palau de la M\u00fasica vibra amb Janine Jansen i la Camerata Salzburg al cicle Palau 100, amb la col\u00b7laboraci\u00f3 d\u2019Exea Impact - Exea Impact\",\"isPartOf\":{\"@id\":\"https:\\\/\\\/exeaimpact.org\\\/ca\\\/#website\"},\"primaryImageOfPage\":{\"@id\":\"https:\\\/\\\/exeaimpact.org\\\/ca\\\/noticia\\\/el-palau-de-la-musica-vibra-amb-janine-jansen-i-la-camerata-salzburg-al-cicle-palau-100-amb-la-col%c2%b7laboracio-dexea-impact\\\/#primaryimage\"},\"image\":{\"@id\":\"https:\\\/\\\/exeaimpact.org\\\/ca\\\/noticia\\\/el-palau-de-la-musica-vibra-amb-janine-jansen-i-la-camerata-salzburg-al-cicle-palau-100-amb-la-col%c2%b7laboracio-dexea-impact\\\/#primaryimage\"},\"thumbnailUrl\":\"https:\\\/\\\/exeaimpact.org\\\/wp-content\\\/uploads\\\/2026\\\/04\\\/260429-002\u00a9ABofill-scaled.jpg\",\"datePublished\":\"2026-04-30T16:26:55+00:00\",\"dateModified\":\"2026-04-30T16:30:03+00:00\",\"breadcrumb\":{\"@id\":\"https:\\\/\\\/exeaimpact.org\\\/ca\\\/noticia\\\/el-palau-de-la-musica-vibra-amb-janine-jansen-i-la-camerata-salzburg-al-cicle-palau-100-amb-la-col%c2%b7laboracio-dexea-impact\\\/#breadcrumb\"},\"inLanguage\":\"ca\",\"potentialAction\":[{\"@type\":\"ReadAction\",\"target\":[\"https:\\\/\\\/exeaimpact.org\\\/ca\\\/noticia\\\/el-palau-de-la-musica-vibra-amb-janine-jansen-i-la-camerata-salzburg-al-cicle-palau-100-amb-la-col%c2%b7laboracio-dexea-impact\\\/\"]}]},{\"@type\":\"ImageObject\",\"inLanguage\":\"ca\",\"@id\":\"https:\\\/\\\/exeaimpact.org\\\/ca\\\/noticia\\\/el-palau-de-la-musica-vibra-amb-janine-jansen-i-la-camerata-salzburg-al-cicle-palau-100-amb-la-col%c2%b7laboracio-dexea-impact\\\/#primaryimage\",\"url\":\"https:\\\/\\\/exeaimpact.org\\\/wp-content\\\/uploads\\\/2026\\\/04\\\/260429-002\u00a9ABofill-scaled.jpg\",\"contentUrl\":\"https:\\\/\\\/exeaimpact.org\\\/wp-content\\\/uploads\\\/2026\\\/04\\\/260429-002\u00a9ABofill-scaled.jpg\",\"width\":2560,\"height\":1706},{\"@type\":\"BreadcrumbList\",\"@id\":\"https:\\\/\\\/exeaimpact.org\\\/ca\\\/noticia\\\/el-palau-de-la-musica-vibra-amb-janine-jansen-i-la-camerata-salzburg-al-cicle-palau-100-amb-la-col%c2%b7laboracio-dexea-impact\\\/#breadcrumb\",\"itemListElement\":[{\"@type\":\"ListItem\",\"position\":1,\"name\":\"Home\",\"item\":\"https:\\\/\\\/exeaimpact.org\\\/ca\\\/\"},{\"@type\":\"ListItem\",\"position\":2,\"name\":\"El Palau de la M\u00fasica vibra amb Janine Jansen i la Camerata Salzburg al cicle Palau 100, amb la col\u00b7laboraci\u00f3 d\u2019Exea Impact\"}]},{\"@type\":\"WebSite\",\"@id\":\"https:\\\/\\\/exeaimpact.org\\\/ca\\\/#website\",\"url\":\"https:\\\/\\\/exeaimpact.org\\\/ca\\\/\",\"name\":\"Exea Impact\",\"description\":\"The Puig Family Foundation\",\"potentialAction\":[{\"@type\":\"SearchAction\",\"target\":{\"@type\":\"EntryPoint\",\"urlTemplate\":\"https:\\\/\\\/exeaimpact.org\\\/ca\\\/?s={search_term_string}\"},\"query-input\":{\"@type\":\"PropertyValueSpecification\",\"valueRequired\":true,\"valueName\":\"search_term_string\"}}],\"inLanguage\":\"ca\"}]}<\/script>\n<!-- \/ Yoast SEO plugin. -->","yoast_head_json":{"title":"El Palau de la M\u00fasica vibra amb Janine Jansen i la Camerata Salzburg al cicle Palau 100, amb la col\u00b7laboraci\u00f3 d\u2019Exea Impact - Exea Impact","robots":{"index":"index","follow":"follow","max-snippet":"max-snippet:-1","max-image-preview":"max-image-preview:large","max-video-preview":"max-video-preview:-1"},"canonical":"https:\/\/exeaimpact.org\/ca\/noticia\/el-palau-de-la-musica-vibra-amb-janine-jansen-i-la-camerata-salzburg-al-cicle-palau-100-amb-la-col%c2%b7laboracio-dexea-impact\/","og_locale":"ca_ES","og_type":"article","og_title":"El Palau de la M\u00fasica vibra amb Janine Jansen i la Camerata Salzburg al cicle Palau 100, amb la col\u00b7laboraci\u00f3 d\u2019Exea Impact - Exea Impact","og_description":"El Palau de la M\u00fasica Catalana va acollir ahir, 29 d'abril, un concert protagonitzat per la violinista neerlandesa Janine Jansen, una de les figures m\u00e9s destacades del panorama internacional, juntament amb la Camerata Salzburg, una de les orquestres de cambra amb m\u00e9s traject\u00f2ria a Europa. El recital es va emmarcar en el cicle Palau 100, del qual Exea Impact \u00e9s un dels principals mecenes.","og_url":"https:\/\/exeaimpact.org\/ca\/noticia\/el-palau-de-la-musica-vibra-amb-janine-jansen-i-la-camerata-salzburg-al-cicle-palau-100-amb-la-col%c2%b7laboracio-dexea-impact\/","og_site_name":"Exea Impact","article_modified_time":"2026-04-30T16:30:03+00:00","og_image":[{"width":2560,"height":1706,"url":"https:\/\/exeaimpact.org\/wp-content\/uploads\/2026\/04\/260429-002\u00a9ABofill-scaled.jpg","type":"image\/jpeg"}],"twitter_card":"summary_large_image","twitter_misc":{"Temps estimat de lectura":"1 minut"},"schema":{"@context":"https:\/\/schema.org","@graph":[{"@type":"WebPage","@id":"https:\/\/exeaimpact.org\/ca\/noticia\/el-palau-de-la-musica-vibra-amb-janine-jansen-i-la-camerata-salzburg-al-cicle-palau-100-amb-la-col%c2%b7laboracio-dexea-impact\/","url":"https:\/\/exeaimpact.org\/ca\/noticia\/el-palau-de-la-musica-vibra-amb-janine-jansen-i-la-camerata-salzburg-al-cicle-palau-100-amb-la-col%c2%b7laboracio-dexea-impact\/","name":"El Palau de la M\u00fasica vibra amb Janine Jansen i la Camerata Salzburg al cicle Palau 100, amb la col\u00b7laboraci\u00f3 d\u2019Exea Impact - Exea Impact","isPartOf":{"@id":"https:\/\/exeaimpact.org\/ca\/#website"},"primaryImageOfPage":{"@id":"https:\/\/exeaimpact.org\/ca\/noticia\/el-palau-de-la-musica-vibra-amb-janine-jansen-i-la-camerata-salzburg-al-cicle-palau-100-amb-la-col%c2%b7laboracio-dexea-impact\/#primaryimage"},"image":{"@id":"https:\/\/exeaimpact.org\/ca\/noticia\/el-palau-de-la-musica-vibra-amb-janine-jansen-i-la-camerata-salzburg-al-cicle-palau-100-amb-la-col%c2%b7laboracio-dexea-impact\/#primaryimage"},"thumbnailUrl":"https:\/\/exeaimpact.org\/wp-content\/uploads\/2026\/04\/260429-002\u00a9ABofill-scaled.jpg","datePublished":"2026-04-30T16:26:55+00:00","dateModified":"2026-04-30T16:30:03+00:00","breadcrumb":{"@id":"https:\/\/exeaimpact.org\/ca\/noticia\/el-palau-de-la-musica-vibra-amb-janine-jansen-i-la-camerata-salzburg-al-cicle-palau-100-amb-la-col%c2%b7laboracio-dexea-impact\/#breadcrumb"},"inLanguage":"ca","potentialAction":[{"@type":"ReadAction","target":["https:\/\/exeaimpact.org\/ca\/noticia\/el-palau-de-la-musica-vibra-amb-janine-jansen-i-la-camerata-salzburg-al-cicle-palau-100-amb-la-col%c2%b7laboracio-dexea-impact\/"]}]},{"@type":"ImageObject","inLanguage":"ca","@id":"https:\/\/exeaimpact.org\/ca\/noticia\/el-palau-de-la-musica-vibra-amb-janine-jansen-i-la-camerata-salzburg-al-cicle-palau-100-amb-la-col%c2%b7laboracio-dexea-impact\/#primaryimage","url":"https:\/\/exeaimpact.org\/wp-content\/uploads\/2026\/04\/260429-002\u00a9ABofill-scaled.jpg","contentUrl":"https:\/\/exeaimpact.org\/wp-content\/uploads\/2026\/04\/260429-002\u00a9ABofill-scaled.jpg","width":2560,"height":1706},{"@type":"BreadcrumbList","@id":"https:\/\/exeaimpact.org\/ca\/noticia\/el-palau-de-la-musica-vibra-amb-janine-jansen-i-la-camerata-salzburg-al-cicle-palau-100-amb-la-col%c2%b7laboracio-dexea-impact\/#breadcrumb","itemListElement":[{"@type":"ListItem","position":1,"name":"Home","item":"https:\/\/exeaimpact.org\/ca\/"},{"@type":"ListItem","position":2,"name":"El Palau de la M\u00fasica vibra amb Janine Jansen i la Camerata Salzburg al cicle Palau 100, amb la col\u00b7laboraci\u00f3 d\u2019Exea Impact"}]},{"@type":"WebSite","@id":"https:\/\/exeaimpact.org\/ca\/#website","url":"https:\/\/exeaimpact.org\/ca\/","name":"Exea Impact","description":"The Puig Family Foundation","potentialAction":[{"@type":"SearchAction","target":{"@type":"EntryPoint","urlTemplate":"https:\/\/exeaimpact.org\/ca\/?s={search_term_string}"},"query-input":{"@type":"PropertyValueSpecification","valueRequired":true,"valueName":"search_term_string"}}],"inLanguage":"ca"}]}},"_links":{"self":[{"href":"https:\/\/exeaimpact.org\/ca\/wp-json\/wp\/v2\/noticia\/2069","targetHints":{"allow":["GET"]}}],"collection":[{"href":"https:\/\/exeaimpact.org\/ca\/wp-json\/wp\/v2\/noticia"}],"about":[{"href":"https:\/\/exeaimpact.org\/ca\/wp-json\/wp\/v2\/types\/noticia"}],"wp:featuredmedia":[{"embeddable":true,"href":"https:\/\/exeaimpact.org\/ca\/wp-json\/wp\/v2\/media\/2068"}],"wp:attachment":[{"href":"https:\/\/exeaimpact.org\/ca\/wp-json\/wp\/v2\/media?parent=2069"}],"curies":[{"name":"wp","href":"https:\/\/api.w.org\/{rel}","templated":true}]}}