{"id":2048,"date":"2026-03-13T09:54:00","date_gmt":"2026-03-13T09:54:00","guid":{"rendered":"https:\/\/exeaimpact.org\/?post_type=noticia&#038;p=2048"},"modified":"2026-03-16T08:32:25","modified_gmt":"2026-03-16T08:32:25","slug":"responsabilitat-tecnologica-i-disseny-digital-per-a-la-infancia-eixos-centrals-de-la-primera-jornada-de-la-catedra-soredi","status":"publish","type":"noticia","link":"https:\/\/exeaimpact.org\/ca\/noticia\/responsabilitat-tecnologica-i-disseny-digital-per-a-la-infancia-eixos-centrals-de-la-primera-jornada-de-la-catedra-soredi\/","title":{"rendered":"Responsabilitat tecnol\u00f2gica i disseny digital per a la inf\u00e0ncia: eixos centrals de la primera jornada de la C\u00e0tedra SoReDi"},"content":{"rendered":"","protected":false},"excerpt":{"rendered":"<p>La C\u00e0tedra SoReDi (Socially Responsible Digital Innovation), impulsada per Esade i Exea Impact, va celebrar el passat 17 de febrer la jornada \u201cCr\u00e9ixer en digital: drets, prop\u00f2sits i co-responsabilitat\u201d, una trobada que va reunir experts de l\u2019\u00e0mbit acad\u00e8mic, institucional i tecnol\u00f2gic per debatre sobre una realitat cada vegada m\u00e9s urgent: com garantir els drets i el benestar dels infants i adolescents en un entorn digital que avui forma part de la seva vida quotidiana i que, en molts casos, no es dissenya tenint en compte el seu desenvolupament, la seva seguretat ni els seus drets.<\/p>\n","protected":false},"featured_media":2047,"template":"","meta":{"_acf_changed":false},"class_list":["post-2048","noticia","type-noticia","status-publish","has-post-thumbnail","hentry"],"acf":[],"yoast_head":"<!-- This site is optimized with the Yoast SEO plugin v27.5 - https:\/\/yoast.com\/product\/yoast-seo-wordpress\/ -->\n<title>Responsabilitat tecnol\u00f2gica i disseny digital per a la inf\u00e0ncia: eixos centrals de la primera jornada de la C\u00e0tedra SoReDi - Exea Impact<\/title>\n<meta name=\"robots\" content=\"index, follow, max-snippet:-1, max-image-preview:large, max-video-preview:-1\" \/>\n<link rel=\"canonical\" href=\"https:\/\/exeaimpact.org\/ca\/noticia\/responsabilitat-tecnologica-i-disseny-digital-per-a-la-infancia-eixos-centrals-de-la-primera-jornada-de-la-catedra-soredi\/\" \/>\n<meta property=\"og:locale\" content=\"ca_ES\" \/>\n<meta property=\"og:type\" content=\"article\" \/>\n<meta property=\"og:title\" content=\"Responsabilitat tecnol\u00f2gica i disseny digital per a la inf\u00e0ncia: eixos centrals de la primera jornada de la C\u00e0tedra SoReDi - Exea Impact\" \/>\n<meta property=\"og:description\" content=\"La C\u00e0tedra SoReDi (Socially Responsible Digital Innovation), impulsada per Esade i Exea Impact, va celebrar el passat 17 de febrer la jornada \u201cCr\u00e9ixer en digital: drets, prop\u00f2sits i co-responsabilitat\u201d, una trobada que va reunir experts de l\u2019\u00e0mbit acad\u00e8mic, institucional i tecnol\u00f2gic per debatre sobre una realitat cada vegada m\u00e9s urgent: com garantir els drets i el benestar dels infants i adolescents en un entorn digital que avui forma part de la seva vida quotidiana i que, en molts casos, no es dissenya tenint en compte el seu desenvolupament, la seva seguretat ni els seus drets.\" \/>\n<meta property=\"og:url\" content=\"https:\/\/exeaimpact.org\/ca\/noticia\/responsabilitat-tecnologica-i-disseny-digital-per-a-la-infancia-eixos-centrals-de-la-primera-jornada-de-la-catedra-soredi\/\" \/>\n<meta property=\"og:site_name\" content=\"Exea Impact\" \/>\n<meta property=\"article:modified_time\" content=\"2026-03-16T08:32:25+00:00\" \/>\n<meta property=\"og:image\" content=\"https:\/\/exeaimpact.org\/wp-content\/uploads\/2026\/03\/Foto-Jornada-Esade2-scaled.jpg\" \/>\n\t<meta property=\"og:image:width\" content=\"1707\" \/>\n\t<meta property=\"og:image:height\" content=\"2560\" \/>\n\t<meta property=\"og:image:type\" content=\"image\/jpeg\" \/>\n<meta name=\"twitter:card\" content=\"summary_large_image\" \/>\n<meta name=\"twitter:label1\" content=\"Temps estimat de lectura\" \/>\n\t<meta name=\"twitter:data1\" content=\"1 minut\" \/>\n<script type=\"application\/ld+json\" class=\"yoast-schema-graph\">{\"@context\":\"https:\\\/\\\/schema.org\",\"@graph\":[{\"@type\":\"WebPage\",\"@id\":\"https:\\\/\\\/exeaimpact.org\\\/ca\\\/noticia\\\/responsabilitat-tecnologica-i-disseny-digital-per-a-la-infancia-eixos-centrals-de-la-primera-jornada-de-la-catedra-soredi\\\/\",\"url\":\"https:\\\/\\\/exeaimpact.org\\\/ca\\\/noticia\\\/responsabilitat-tecnologica-i-disseny-digital-per-a-la-infancia-eixos-centrals-de-la-primera-jornada-de-la-catedra-soredi\\\/\",\"name\":\"Responsabilitat tecnol\u00f2gica i disseny digital per a la inf\u00e0ncia: eixos centrals de la primera jornada de la C\u00e0tedra SoReDi - Exea Impact\",\"isPartOf\":{\"@id\":\"https:\\\/\\\/exeaimpact.org\\\/ca\\\/#website\"},\"primaryImageOfPage\":{\"@id\":\"https:\\\/\\\/exeaimpact.org\\\/ca\\\/noticia\\\/responsabilitat-tecnologica-i-disseny-digital-per-a-la-infancia-eixos-centrals-de-la-primera-jornada-de-la-catedra-soredi\\\/#primaryimage\"},\"image\":{\"@id\":\"https:\\\/\\\/exeaimpact.org\\\/ca\\\/noticia\\\/responsabilitat-tecnologica-i-disseny-digital-per-a-la-infancia-eixos-centrals-de-la-primera-jornada-de-la-catedra-soredi\\\/#primaryimage\"},\"thumbnailUrl\":\"https:\\\/\\\/exeaimpact.org\\\/wp-content\\\/uploads\\\/2026\\\/03\\\/Foto-Jornada-Esade2-scaled.jpg\",\"datePublished\":\"2026-03-13T09:54:00+00:00\",\"dateModified\":\"2026-03-16T08:32:25+00:00\",\"breadcrumb\":{\"@id\":\"https:\\\/\\\/exeaimpact.org\\\/ca\\\/noticia\\\/responsabilitat-tecnologica-i-disseny-digital-per-a-la-infancia-eixos-centrals-de-la-primera-jornada-de-la-catedra-soredi\\\/#breadcrumb\"},\"inLanguage\":\"ca\",\"potentialAction\":[{\"@type\":\"ReadAction\",\"target\":[\"https:\\\/\\\/exeaimpact.org\\\/ca\\\/noticia\\\/responsabilitat-tecnologica-i-disseny-digital-per-a-la-infancia-eixos-centrals-de-la-primera-jornada-de-la-catedra-soredi\\\/\"]}]},{\"@type\":\"ImageObject\",\"inLanguage\":\"ca\",\"@id\":\"https:\\\/\\\/exeaimpact.org\\\/ca\\\/noticia\\\/responsabilitat-tecnologica-i-disseny-digital-per-a-la-infancia-eixos-centrals-de-la-primera-jornada-de-la-catedra-soredi\\\/#primaryimage\",\"url\":\"https:\\\/\\\/exeaimpact.org\\\/wp-content\\\/uploads\\\/2026\\\/03\\\/Foto-Jornada-Esade2-scaled.jpg\",\"contentUrl\":\"https:\\\/\\\/exeaimpact.org\\\/wp-content\\\/uploads\\\/2026\\\/03\\\/Foto-Jornada-Esade2-scaled.jpg\",\"width\":1707,\"height\":2560},{\"@type\":\"BreadcrumbList\",\"@id\":\"https:\\\/\\\/exeaimpact.org\\\/ca\\\/noticia\\\/responsabilitat-tecnologica-i-disseny-digital-per-a-la-infancia-eixos-centrals-de-la-primera-jornada-de-la-catedra-soredi\\\/#breadcrumb\",\"itemListElement\":[{\"@type\":\"ListItem\",\"position\":1,\"name\":\"Home\",\"item\":\"https:\\\/\\\/exeaimpact.org\\\/ca\\\/\"},{\"@type\":\"ListItem\",\"position\":2,\"name\":\"Responsabilitat tecnol\u00f2gica i disseny digital per a la inf\u00e0ncia: eixos centrals de la primera jornada de la C\u00e0tedra SoReDi\"}]},{\"@type\":\"WebSite\",\"@id\":\"https:\\\/\\\/exeaimpact.org\\\/ca\\\/#website\",\"url\":\"https:\\\/\\\/exeaimpact.org\\\/ca\\\/\",\"name\":\"Exea Impact\",\"description\":\"The Puig Family Foundation\",\"potentialAction\":[{\"@type\":\"SearchAction\",\"target\":{\"@type\":\"EntryPoint\",\"urlTemplate\":\"https:\\\/\\\/exeaimpact.org\\\/ca\\\/?s={search_term_string}\"},\"query-input\":{\"@type\":\"PropertyValueSpecification\",\"valueRequired\":true,\"valueName\":\"search_term_string\"}}],\"inLanguage\":\"ca\"}]}<\/script>\n<!-- \/ Yoast SEO plugin. -->","yoast_head_json":{"title":"Responsabilitat tecnol\u00f2gica i disseny digital per a la inf\u00e0ncia: eixos centrals de la primera jornada de la C\u00e0tedra SoReDi - Exea Impact","robots":{"index":"index","follow":"follow","max-snippet":"max-snippet:-1","max-image-preview":"max-image-preview:large","max-video-preview":"max-video-preview:-1"},"canonical":"https:\/\/exeaimpact.org\/ca\/noticia\/responsabilitat-tecnologica-i-disseny-digital-per-a-la-infancia-eixos-centrals-de-la-primera-jornada-de-la-catedra-soredi\/","og_locale":"ca_ES","og_type":"article","og_title":"Responsabilitat tecnol\u00f2gica i disseny digital per a la inf\u00e0ncia: eixos centrals de la primera jornada de la C\u00e0tedra SoReDi - Exea Impact","og_description":"La C\u00e0tedra SoReDi (Socially Responsible Digital Innovation), impulsada per Esade i Exea Impact, va celebrar el passat 17 de febrer la jornada \u201cCr\u00e9ixer en digital: drets, prop\u00f2sits i co-responsabilitat\u201d, una trobada que va reunir experts de l\u2019\u00e0mbit acad\u00e8mic, institucional i tecnol\u00f2gic per debatre sobre una realitat cada vegada m\u00e9s urgent: com garantir els drets i el benestar dels infants i adolescents en un entorn digital que avui forma part de la seva vida quotidiana i que, en molts casos, no es dissenya tenint en compte el seu desenvolupament, la seva seguretat ni els seus drets.","og_url":"https:\/\/exeaimpact.org\/ca\/noticia\/responsabilitat-tecnologica-i-disseny-digital-per-a-la-infancia-eixos-centrals-de-la-primera-jornada-de-la-catedra-soredi\/","og_site_name":"Exea Impact","article_modified_time":"2026-03-16T08:32:25+00:00","og_image":[{"width":1707,"height":2560,"url":"https:\/\/exeaimpact.org\/wp-content\/uploads\/2026\/03\/Foto-Jornada-Esade2-scaled.jpg","type":"image\/jpeg"}],"twitter_card":"summary_large_image","twitter_misc":{"Temps estimat de lectura":"1 minut"},"schema":{"@context":"https:\/\/schema.org","@graph":[{"@type":"WebPage","@id":"https:\/\/exeaimpact.org\/ca\/noticia\/responsabilitat-tecnologica-i-disseny-digital-per-a-la-infancia-eixos-centrals-de-la-primera-jornada-de-la-catedra-soredi\/","url":"https:\/\/exeaimpact.org\/ca\/noticia\/responsabilitat-tecnologica-i-disseny-digital-per-a-la-infancia-eixos-centrals-de-la-primera-jornada-de-la-catedra-soredi\/","name":"Responsabilitat tecnol\u00f2gica i disseny digital per a la inf\u00e0ncia: eixos centrals de la primera jornada de la C\u00e0tedra SoReDi - Exea Impact","isPartOf":{"@id":"https:\/\/exeaimpact.org\/ca\/#website"},"primaryImageOfPage":{"@id":"https:\/\/exeaimpact.org\/ca\/noticia\/responsabilitat-tecnologica-i-disseny-digital-per-a-la-infancia-eixos-centrals-de-la-primera-jornada-de-la-catedra-soredi\/#primaryimage"},"image":{"@id":"https:\/\/exeaimpact.org\/ca\/noticia\/responsabilitat-tecnologica-i-disseny-digital-per-a-la-infancia-eixos-centrals-de-la-primera-jornada-de-la-catedra-soredi\/#primaryimage"},"thumbnailUrl":"https:\/\/exeaimpact.org\/wp-content\/uploads\/2026\/03\/Foto-Jornada-Esade2-scaled.jpg","datePublished":"2026-03-13T09:54:00+00:00","dateModified":"2026-03-16T08:32:25+00:00","breadcrumb":{"@id":"https:\/\/exeaimpact.org\/ca\/noticia\/responsabilitat-tecnologica-i-disseny-digital-per-a-la-infancia-eixos-centrals-de-la-primera-jornada-de-la-catedra-soredi\/#breadcrumb"},"inLanguage":"ca","potentialAction":[{"@type":"ReadAction","target":["https:\/\/exeaimpact.org\/ca\/noticia\/responsabilitat-tecnologica-i-disseny-digital-per-a-la-infancia-eixos-centrals-de-la-primera-jornada-de-la-catedra-soredi\/"]}]},{"@type":"ImageObject","inLanguage":"ca","@id":"https:\/\/exeaimpact.org\/ca\/noticia\/responsabilitat-tecnologica-i-disseny-digital-per-a-la-infancia-eixos-centrals-de-la-primera-jornada-de-la-catedra-soredi\/#primaryimage","url":"https:\/\/exeaimpact.org\/wp-content\/uploads\/2026\/03\/Foto-Jornada-Esade2-scaled.jpg","contentUrl":"https:\/\/exeaimpact.org\/wp-content\/uploads\/2026\/03\/Foto-Jornada-Esade2-scaled.jpg","width":1707,"height":2560},{"@type":"BreadcrumbList","@id":"https:\/\/exeaimpact.org\/ca\/noticia\/responsabilitat-tecnologica-i-disseny-digital-per-a-la-infancia-eixos-centrals-de-la-primera-jornada-de-la-catedra-soredi\/#breadcrumb","itemListElement":[{"@type":"ListItem","position":1,"name":"Home","item":"https:\/\/exeaimpact.org\/ca\/"},{"@type":"ListItem","position":2,"name":"Responsabilitat tecnol\u00f2gica i disseny digital per a la inf\u00e0ncia: eixos centrals de la primera jornada de la C\u00e0tedra SoReDi"}]},{"@type":"WebSite","@id":"https:\/\/exeaimpact.org\/ca\/#website","url":"https:\/\/exeaimpact.org\/ca\/","name":"Exea Impact","description":"The Puig Family Foundation","potentialAction":[{"@type":"SearchAction","target":{"@type":"EntryPoint","urlTemplate":"https:\/\/exeaimpact.org\/ca\/?s={search_term_string}"},"query-input":{"@type":"PropertyValueSpecification","valueRequired":true,"valueName":"search_term_string"}}],"inLanguage":"ca"}]}},"_links":{"self":[{"href":"https:\/\/exeaimpact.org\/ca\/wp-json\/wp\/v2\/noticia\/2048","targetHints":{"allow":["GET"]}}],"collection":[{"href":"https:\/\/exeaimpact.org\/ca\/wp-json\/wp\/v2\/noticia"}],"about":[{"href":"https:\/\/exeaimpact.org\/ca\/wp-json\/wp\/v2\/types\/noticia"}],"wp:featuredmedia":[{"embeddable":true,"href":"https:\/\/exeaimpact.org\/ca\/wp-json\/wp\/v2\/media\/2047"}],"wp:attachment":[{"href":"https:\/\/exeaimpact.org\/ca\/wp-json\/wp\/v2\/media?parent=2048"}],"curies":[{"name":"wp","href":"https:\/\/api.w.org\/{rel}","templated":true}]}}