{"id":1994,"date":"2026-03-09T09:35:36","date_gmt":"2026-03-09T09:35:36","guid":{"rendered":"https:\/\/exeaimpact.org\/?post_type=noticia&#038;p=1994"},"modified":"2026-03-09T10:07:19","modified_gmt":"2026-03-09T10:07:19","slug":"exea-impact-sincorpora-a-philea-la-major-xarxa-europea-de-filantropia","status":"publish","type":"noticia","link":"https:\/\/exeaimpact.org\/ca\/noticia\/exea-impact-sincorpora-a-philea-la-major-xarxa-europea-de-filantropia\/","title":{"rendered":"Exea Impact s\u2019incorpora a Philea, la major xarxa europea de filantropia"},"content":{"rendered":"","protected":false},"excerpt":{"rendered":"<p>Exea Impact ha estat oficialment admesa com a membre de Philea (Philanthropy Europe Association), la principal xarxa europea que agrupa fundacions i organitzacions filantr\u00f2piques. La incorporaci\u00f3 reconeix la traject\u00f2ria i el nou full de ruta d\u2019Exea Impact i refor\u00e7a el seu comprom\u00eds amb l\u2019impacte social i la filantropia estrat\u00e8gica.<\/p>\n","protected":false},"featured_media":1993,"template":"","meta":{"_acf_changed":false},"class_list":["post-1994","noticia","type-noticia","status-publish","has-post-thumbnail","hentry"],"acf":[],"yoast_head":"<!-- This site is optimized with the Yoast SEO plugin v27.5 - https:\/\/yoast.com\/product\/yoast-seo-wordpress\/ -->\n<title>Exea Impact s\u2019incorpora a Philea, la major xarxa europea de filantropia - Exea Impact<\/title>\n<meta name=\"robots\" content=\"index, follow, max-snippet:-1, max-image-preview:large, max-video-preview:-1\" \/>\n<link rel=\"canonical\" href=\"https:\/\/exeaimpact.org\/ca\/noticia\/exea-impact-sincorpora-a-philea-la-major-xarxa-europea-de-filantropia\/\" \/>\n<meta property=\"og:locale\" content=\"ca_ES\" \/>\n<meta property=\"og:type\" content=\"article\" \/>\n<meta property=\"og:title\" content=\"Exea Impact s\u2019incorpora a Philea, la major xarxa europea de filantropia - Exea Impact\" \/>\n<meta property=\"og:description\" content=\"Exea Impact ha estat oficialment admesa com a membre de Philea (Philanthropy Europe Association), la principal xarxa europea que agrupa fundacions i organitzacions filantr\u00f2piques. La incorporaci\u00f3 reconeix la traject\u00f2ria i el nou full de ruta d\u2019Exea Impact i refor\u00e7a el seu comprom\u00eds amb l\u2019impacte social i la filantropia estrat\u00e8gica.\" \/>\n<meta property=\"og:url\" content=\"https:\/\/exeaimpact.org\/ca\/noticia\/exea-impact-sincorpora-a-philea-la-major-xarxa-europea-de-filantropia\/\" \/>\n<meta property=\"og:site_name\" content=\"Exea Impact\" \/>\n<meta property=\"article:modified_time\" content=\"2026-03-09T10:07:19+00:00\" \/>\n<meta property=\"og:image\" content=\"https:\/\/exeaimpact.org\/wp-content\/uploads\/2026\/03\/Foto-Forum-Philea-2025.jpg\" \/>\n\t<meta property=\"og:image:width\" content=\"1024\" \/>\n\t<meta property=\"og:image:height\" content=\"683\" \/>\n\t<meta property=\"og:image:type\" content=\"image\/jpeg\" \/>\n<meta name=\"twitter:card\" content=\"summary_large_image\" \/>\n<meta name=\"twitter:label1\" content=\"Temps estimat de lectura\" \/>\n\t<meta name=\"twitter:data1\" content=\"1 minut\" \/>\n<script type=\"application\/ld+json\" class=\"yoast-schema-graph\">{\"@context\":\"https:\\\/\\\/schema.org\",\"@graph\":[{\"@type\":\"WebPage\",\"@id\":\"https:\\\/\\\/exeaimpact.org\\\/ca\\\/noticia\\\/exea-impact-sincorpora-a-philea-la-major-xarxa-europea-de-filantropia\\\/\",\"url\":\"https:\\\/\\\/exeaimpact.org\\\/ca\\\/noticia\\\/exea-impact-sincorpora-a-philea-la-major-xarxa-europea-de-filantropia\\\/\",\"name\":\"Exea Impact s\u2019incorpora a Philea, la major xarxa europea de filantropia - Exea Impact\",\"isPartOf\":{\"@id\":\"https:\\\/\\\/exeaimpact.org\\\/ca\\\/#website\"},\"primaryImageOfPage\":{\"@id\":\"https:\\\/\\\/exeaimpact.org\\\/ca\\\/noticia\\\/exea-impact-sincorpora-a-philea-la-major-xarxa-europea-de-filantropia\\\/#primaryimage\"},\"image\":{\"@id\":\"https:\\\/\\\/exeaimpact.org\\\/ca\\\/noticia\\\/exea-impact-sincorpora-a-philea-la-major-xarxa-europea-de-filantropia\\\/#primaryimage\"},\"thumbnailUrl\":\"https:\\\/\\\/exeaimpact.org\\\/wp-content\\\/uploads\\\/2026\\\/03\\\/Foto-Forum-Philea-2025.jpg\",\"datePublished\":\"2026-03-09T09:35:36+00:00\",\"dateModified\":\"2026-03-09T10:07:19+00:00\",\"breadcrumb\":{\"@id\":\"https:\\\/\\\/exeaimpact.org\\\/ca\\\/noticia\\\/exea-impact-sincorpora-a-philea-la-major-xarxa-europea-de-filantropia\\\/#breadcrumb\"},\"inLanguage\":\"ca\",\"potentialAction\":[{\"@type\":\"ReadAction\",\"target\":[\"https:\\\/\\\/exeaimpact.org\\\/ca\\\/noticia\\\/exea-impact-sincorpora-a-philea-la-major-xarxa-europea-de-filantropia\\\/\"]}]},{\"@type\":\"ImageObject\",\"inLanguage\":\"ca\",\"@id\":\"https:\\\/\\\/exeaimpact.org\\\/ca\\\/noticia\\\/exea-impact-sincorpora-a-philea-la-major-xarxa-europea-de-filantropia\\\/#primaryimage\",\"url\":\"https:\\\/\\\/exeaimpact.org\\\/wp-content\\\/uploads\\\/2026\\\/03\\\/Foto-Forum-Philea-2025.jpg\",\"contentUrl\":\"https:\\\/\\\/exeaimpact.org\\\/wp-content\\\/uploads\\\/2026\\\/03\\\/Foto-Forum-Philea-2025.jpg\",\"width\":1024,\"height\":683},{\"@type\":\"BreadcrumbList\",\"@id\":\"https:\\\/\\\/exeaimpact.org\\\/ca\\\/noticia\\\/exea-impact-sincorpora-a-philea-la-major-xarxa-europea-de-filantropia\\\/#breadcrumb\",\"itemListElement\":[{\"@type\":\"ListItem\",\"position\":1,\"name\":\"Home\",\"item\":\"https:\\\/\\\/exeaimpact.org\\\/ca\\\/\"},{\"@type\":\"ListItem\",\"position\":2,\"name\":\"Exea Impact s\u2019incorpora a Philea, la major xarxa europea de filantropia\"}]},{\"@type\":\"WebSite\",\"@id\":\"https:\\\/\\\/exeaimpact.org\\\/ca\\\/#website\",\"url\":\"https:\\\/\\\/exeaimpact.org\\\/ca\\\/\",\"name\":\"Exea Impact\",\"description\":\"The Puig Family Foundation\",\"potentialAction\":[{\"@type\":\"SearchAction\",\"target\":{\"@type\":\"EntryPoint\",\"urlTemplate\":\"https:\\\/\\\/exeaimpact.org\\\/ca\\\/?s={search_term_string}\"},\"query-input\":{\"@type\":\"PropertyValueSpecification\",\"valueRequired\":true,\"valueName\":\"search_term_string\"}}],\"inLanguage\":\"ca\"}]}<\/script>\n<!-- \/ Yoast SEO plugin. -->","yoast_head_json":{"title":"Exea Impact s\u2019incorpora a Philea, la major xarxa europea de filantropia - Exea Impact","robots":{"index":"index","follow":"follow","max-snippet":"max-snippet:-1","max-image-preview":"max-image-preview:large","max-video-preview":"max-video-preview:-1"},"canonical":"https:\/\/exeaimpact.org\/ca\/noticia\/exea-impact-sincorpora-a-philea-la-major-xarxa-europea-de-filantropia\/","og_locale":"ca_ES","og_type":"article","og_title":"Exea Impact s\u2019incorpora a Philea, la major xarxa europea de filantropia - Exea Impact","og_description":"Exea Impact ha estat oficialment admesa com a membre de Philea (Philanthropy Europe Association), la principal xarxa europea que agrupa fundacions i organitzacions filantr\u00f2piques. La incorporaci\u00f3 reconeix la traject\u00f2ria i el nou full de ruta d\u2019Exea Impact i refor\u00e7a el seu comprom\u00eds amb l\u2019impacte social i la filantropia estrat\u00e8gica.","og_url":"https:\/\/exeaimpact.org\/ca\/noticia\/exea-impact-sincorpora-a-philea-la-major-xarxa-europea-de-filantropia\/","og_site_name":"Exea Impact","article_modified_time":"2026-03-09T10:07:19+00:00","og_image":[{"width":1024,"height":683,"url":"https:\/\/exeaimpact.org\/wp-content\/uploads\/2026\/03\/Foto-Forum-Philea-2025.jpg","type":"image\/jpeg"}],"twitter_card":"summary_large_image","twitter_misc":{"Temps estimat de lectura":"1 minut"},"schema":{"@context":"https:\/\/schema.org","@graph":[{"@type":"WebPage","@id":"https:\/\/exeaimpact.org\/ca\/noticia\/exea-impact-sincorpora-a-philea-la-major-xarxa-europea-de-filantropia\/","url":"https:\/\/exeaimpact.org\/ca\/noticia\/exea-impact-sincorpora-a-philea-la-major-xarxa-europea-de-filantropia\/","name":"Exea Impact s\u2019incorpora a Philea, la major xarxa europea de filantropia - Exea Impact","isPartOf":{"@id":"https:\/\/exeaimpact.org\/ca\/#website"},"primaryImageOfPage":{"@id":"https:\/\/exeaimpact.org\/ca\/noticia\/exea-impact-sincorpora-a-philea-la-major-xarxa-europea-de-filantropia\/#primaryimage"},"image":{"@id":"https:\/\/exeaimpact.org\/ca\/noticia\/exea-impact-sincorpora-a-philea-la-major-xarxa-europea-de-filantropia\/#primaryimage"},"thumbnailUrl":"https:\/\/exeaimpact.org\/wp-content\/uploads\/2026\/03\/Foto-Forum-Philea-2025.jpg","datePublished":"2026-03-09T09:35:36+00:00","dateModified":"2026-03-09T10:07:19+00:00","breadcrumb":{"@id":"https:\/\/exeaimpact.org\/ca\/noticia\/exea-impact-sincorpora-a-philea-la-major-xarxa-europea-de-filantropia\/#breadcrumb"},"inLanguage":"ca","potentialAction":[{"@type":"ReadAction","target":["https:\/\/exeaimpact.org\/ca\/noticia\/exea-impact-sincorpora-a-philea-la-major-xarxa-europea-de-filantropia\/"]}]},{"@type":"ImageObject","inLanguage":"ca","@id":"https:\/\/exeaimpact.org\/ca\/noticia\/exea-impact-sincorpora-a-philea-la-major-xarxa-europea-de-filantropia\/#primaryimage","url":"https:\/\/exeaimpact.org\/wp-content\/uploads\/2026\/03\/Foto-Forum-Philea-2025.jpg","contentUrl":"https:\/\/exeaimpact.org\/wp-content\/uploads\/2026\/03\/Foto-Forum-Philea-2025.jpg","width":1024,"height":683},{"@type":"BreadcrumbList","@id":"https:\/\/exeaimpact.org\/ca\/noticia\/exea-impact-sincorpora-a-philea-la-major-xarxa-europea-de-filantropia\/#breadcrumb","itemListElement":[{"@type":"ListItem","position":1,"name":"Home","item":"https:\/\/exeaimpact.org\/ca\/"},{"@type":"ListItem","position":2,"name":"Exea Impact s\u2019incorpora a Philea, la major xarxa europea de filantropia"}]},{"@type":"WebSite","@id":"https:\/\/exeaimpact.org\/ca\/#website","url":"https:\/\/exeaimpact.org\/ca\/","name":"Exea Impact","description":"The Puig Family Foundation","potentialAction":[{"@type":"SearchAction","target":{"@type":"EntryPoint","urlTemplate":"https:\/\/exeaimpact.org\/ca\/?s={search_term_string}"},"query-input":{"@type":"PropertyValueSpecification","valueRequired":true,"valueName":"search_term_string"}}],"inLanguage":"ca"}]}},"_links":{"self":[{"href":"https:\/\/exeaimpact.org\/ca\/wp-json\/wp\/v2\/noticia\/1994","targetHints":{"allow":["GET"]}}],"collection":[{"href":"https:\/\/exeaimpact.org\/ca\/wp-json\/wp\/v2\/noticia"}],"about":[{"href":"https:\/\/exeaimpact.org\/ca\/wp-json\/wp\/v2\/types\/noticia"}],"wp:featuredmedia":[{"embeddable":true,"href":"https:\/\/exeaimpact.org\/ca\/wp-json\/wp\/v2\/media\/1993"}],"wp:attachment":[{"href":"https:\/\/exeaimpact.org\/ca\/wp-json\/wp\/v2\/media?parent=1994"}],"curies":[{"name":"wp","href":"https:\/\/api.w.org\/{rel}","templated":true}]}}